{"id":26,"date":"2020-03-02T21:38:03","date_gmt":"2020-03-02T21:38:03","guid":{"rendered":"http:\/\/attac.nu\/?p=26"},"modified":"2020-03-02T21:42:08","modified_gmt":"2020-03-02T21:42:08","slug":"vi-maste-sanka-energiforbrukningen-pa-var-belysning","status":"publish","type":"post","link":"http:\/\/attac.nu\/?p=26","title":{"rendered":"Vi m\u00e5ste s\u00e4nka energif\u00f6rbrukningen p\u00e5 v\u00e5r belysning"},"content":{"rendered":"<p>Jag kan komma att sk\u00e4mmas n\u00e4r jag t\u00e4nker p\u00e5 den jord som vi ger vidare till v\u00e5ra barn. Hur de kommer att f\u00e5 sopa upp efter generation efter generation av vuxna som f\u00f6rnekat att klimatf\u00f6r\u00e4ndringen faktiskt har f\u00f6r\u00f6dande konsekvenser, och att jordens resurser inte \u00e4r o\u00e4ndliga. Jag hade denna diskussion med min kollega h\u00e4r om dagen n\u00e4r vi pratade om att byta ut belysningen p\u00e5 jobbet.<\/p>\n<p>I detta fall handlade det om spotlight-lamporna och <a href=\"https:\/\/svealight.se\/led-panel\">led paneler<\/a> d\u00e5 det \u00e4r dessa vi anv\u00e4nder mest frekvent. Jag sa att vi m\u00e5ste t\u00e4nka ur ett klimatmedvetet perspektiv och byta till LED-belysning d\u00e5 v\u00e5rt kontor \u00e4r \u00f6ppet dygnet runt (och s\u00e5ledes \u00e4r \u00e4ven belysningen p\u00e5slagen). Hon tyckte det l\u00e4t som ett kr\u00e5ngligt projekt att p\u00e5b\u00f6rja n\u00e5gonting som hon inte visste mycket om. Jag svarade d\u00e5 att hon kunde b\u00f6rja h\u00e4r p\u00e5 kontoret, genom att uppdatera v\u00e5r belysning via butiken <a href=\"https:\/\/svealight.se\/\">Svealight<\/a> till LED-paneler och <a href=\"http:\/\/ledspotlights.nu\/\">spotlights<\/a> med just LED i, d\u00e5 dessa \u00e4r s\u00e5 mycket b\u00e4ttre f\u00f6r klimatet \u00e4n traditionella lampor. Inte minst p\u00e5 grund av att det sl\u00e4pper ut mindre koldioxid. Koldioxidutsl\u00e4pp \u00e4r n\u00e4mligen en av v\u00e5r tids st\u00f6rsta utmaningar.<\/p>\n<p>Det som g\u00e5r m\u00e5nga f\u00f6rbi \u00e4r att de gamla traditionella belysningsteknikerna (som vi oftast anv\u00e4nder oss av idag), sl\u00e4pper ut mer koldioxid \u00e4n om vi skulle haft LED-belysning med samma effekt. Det \u00e4r utan tvekan ett v\u00e4ldigt enkelt s\u00e4tt att faktiskt g\u00f6ra sitt f\u00f6r klimatet. F\u00f6r ingen kan komma och s\u00e4ga att en gammal spotlampa inte kan bytas ut till en ny. \u00c4nd\u00e5 s\u00e5 g\u00f6r den s\u00e5 stor skillnad.<\/p>\n","protected":false},"excerpt":{"rendered":"<p>Jag kan komma att sk\u00e4mmas n\u00e4r jag t\u00e4nker p\u00e5 den jord som vi ger vidare till v\u00e5ra barn. Hur de kommer att f\u00e5 sopa upp efter generation efter generation av vuxna som f\u00f6rnekat att klimatf\u00f6r\u00e4ndringen faktiskt har f\u00f6r\u00f6dande konsekvenser, och att jordens resurser inte \u00e4r o\u00e4ndliga. Jag hade denna diskussion med min kollega h\u00e4r om<\/p><\/div>\n<div class=\"blog-btn\"><a href=\"http:\/\/attac.nu\/?p=26\" class=\"home-blog-btn\">L\u00e4s mer<\/a><\/p>\n","protected":false},"author":1,"featured_media":28,"comment_status":"open","ping_status":"open","sticky":false,"template":"","format":"standard","meta":{"footnotes":""},"categories":[3],"tags":[],"_links":{"self":[{"href":"http:\/\/attac.nu\/index.php?rest_route=\/wp\/v2\/posts\/26"}],"collection":[{"href":"http:\/\/attac.nu\/index.php?rest_route=\/wp\/v2\/posts"}],"about":[{"href":"http:\/\/attac.nu\/index.php?rest_route=\/wp\/v2\/types\/post"}],"author":[{"embeddable":true,"href":"http:\/\/attac.nu\/index.php?rest_route=\/wp\/v2\/users\/1"}],"replies":[{"embeddable":true,"href":"http:\/\/attac.nu\/index.php?rest_route=%2Fwp%2Fv2%2Fcomments&post=26"}],"version-history":[{"count":2,"href":"http:\/\/attac.nu\/index.php?rest_route=\/wp\/v2\/posts\/26\/revisions"}],"predecessor-version":[{"id":29,"href":"http:\/\/attac.nu\/index.php?rest_route=\/wp\/v2\/posts\/26\/revisions\/29"}],"wp:featuredmedia":[{"embeddable":true,"href":"http:\/\/attac.nu\/index.php?rest_route=\/wp\/v2\/media\/28"}],"wp:attachment":[{"href":"http:\/\/attac.nu\/index.php?rest_route=%2Fwp%2Fv2%2Fmedia&parent=26"}],"wp:term":[{"taxonomy":"category","embeddable":true,"href":"http:\/\/attac.nu\/index.php?rest_route=%2Fwp%2Fv2%2Fcategories&post=26"},{"taxonomy":"post_tag","embeddable":true,"href":"http:\/\/attac.nu\/index.php?rest_route=%2Fwp%2Fv2%2Ftags&post=26"}],"curies":[{"name":"wp","href":"https:\/\/api.w.org\/{rel}","templated":true}]}}